{"id":1686,"date":"2023-05-20T16:03:22","date_gmt":"2023-05-20T14:03:22","guid":{"rendered":"https:\/\/www.vonfischern.com\/?p=1686"},"modified":"2023-05-20T16:29:47","modified_gmt":"2023-05-20T14:29:47","slug":"meditation-schwarzes-loch","status":"publish","type":"post","link":"https:\/\/www.vonfischern.com\/index.php\/meditation-schwarzes-loch\/","title":{"rendered":"Meditation &#8211; Schwarzes Loch"},"content":{"rendered":"\n<div class=\"wp-block-media-text alignwide is-stacked-on-mobile is-vertically-aligned-top\" style=\"grid-template-columns:38% auto\"><figure class=\"wp-block-media-text__media\"><img fetchpriority=\"high\" decoding=\"async\" width=\"1024\" height=\"768\" src=\"https:\/\/www.vonfischern.com\/wp-content\/uploads\/2023\/05\/Meditation-Schwarzes-Loch-1024x768.png\" alt=\"\" class=\"wp-image-1689 size-full\" srcset=\"https:\/\/www.vonfischern.com\/wp-content\/uploads\/2023\/05\/Meditation-Schwarzes-Loch-1024x768.png 1024w, https:\/\/www.vonfischern.com\/wp-content\/uploads\/2023\/05\/Meditation-Schwarzes-Loch-300x225.png 300w, https:\/\/www.vonfischern.com\/wp-content\/uploads\/2023\/05\/Meditation-Schwarzes-Loch-768x576.png 768w, https:\/\/www.vonfischern.com\/wp-content\/uploads\/2023\/05\/Meditation-Schwarzes-Loch-1536x1151.png 1536w, https:\/\/www.vonfischern.com\/wp-content\/uploads\/2023\/05\/Meditation-Schwarzes-Loch-2048x1535.png 2048w\" sizes=\"(max-width: 1024px) 100vw, 1024px\" \/><\/figure><div class=\"wp-block-media-text__content\">\n<p>Das Bild links veranschaulicht Informationen, die ich im November 2020 bei einer Meditation erhielt. <\/p>\n\n\n\n<p>Es erschien mir eine schwarze kompakte Kugel, die v\u00f6llig in sich gesammelt war. Drumherum war ein leuchtend heller Ring \/ Schein auf den die schwarze Kugel eine Art Anziehungskraft aus\u00fcbte. In mir kam die entsprechende Information, dass durch innere Konzentration das dazugeh\u00f6rige Au\u00dfen von alleine angezogen wird. Es kam mir, dass dieses konzentrierte Zentrum wie ein schwarzes Loch ist, das das Angezogene in den Bann seiner Kreisl\u00e4ufe zieht. Wie ein Elektron seine Bahn um sein Atom zieht. Da Masse nichts anderes als die Energie ist, die die Teilchen zusammenh\u00e4lt, indem die Elektronen ihre festen Bahnen um das Atom ziehen und so quasi f\u00fcr uns wahrgenommene Materie entsteht, war ich bei der Manifestation. <\/p>\n\n\n\n<p><strong>Es \u00fcbermittelte sich ein Verst\u00e4ndnis, dass je st\u00e4rker wir uns selbst in unserer Mitte konzentrieren, desto klarer haben wir die F\u00e4higkeit unsere Realit\u00e4t selbst zu erschaffen und somit zu manifestieren.<\/strong> <\/p>\n\n\n\n<p>Zus\u00e4tzlich kam die Information, dass sich das Geschehen auf allen Ebenen in allem Sein befand. So findet sich das G\u00f6ttliche, das hier Blau aus dem Inneren des Kerns hervor schimmert, nicht nur im Spirituellen sondern auch im Materiellen, in jeder einzelnen Zelle wieder. Hier und jetzt. Wie im Kleinen so im Gro\u00dfen.&nbsp; Was eine Power und was f\u00fcr ein Potential! Ein Potential, das in jedem von uns steckt!<\/p>\n\n\n\n<p>Weiter kam in mir ein Verst\u00e4ndnis, dass schwarze L\u00f6cher nach der absoluten Komprimierung auch wieder zu neuem Sein explorieren und die (universellen) Spiele neu beginnen. Der universelle Kreislauf in seiner Unendlichkeit.<\/p>\n\n\n\n<p>Gest\u00fctzt wird das ewige universelle Leben, die ewige Transformation durch ein gewisses Quantum von Ungleichgewicht. Denn alles strebt nach Ausgleich Richtung Gleichgewicht, woraus die Bewegung und damit das Leben und Materie entstehen. W\u00e4re das Gleichgewicht in G\u00e4nze vorhanden, g\u00e4be es kein Leben und keine Materie mehr.<br>Mai 2023<\/p>\n<\/div><\/div>\n","protected":false},"excerpt":{"rendered":"<p>Das Bild links veranschaulicht Informationen, die ich im November 2020 bei einer Meditation erhielt. Es erschien mir eine schwarze kompakte Kugel, die v\u00f6llig in sich gesammelt war. Drumherum war ein leuchtend heller Ring \/ Schein auf den die schwarze Kugel eine Art Anziehungskraft aus\u00fcbte. In mir kam die entsprechende Information, dass durch innere Konzentration das [&hellip;]<\/p>\n","protected":false},"author":2,"featured_media":1689,"comment_status":"closed","ping_status":"closed","sticky":false,"template":"","format":"standard","meta":{"footnotes":""},"categories":[1],"tags":[],"class_list":["post-1686","post","type-post","status-publish","format-standard","has-post-thumbnail","hentry","category-allgemein"],"_links":{"self":[{"href":"https:\/\/www.vonfischern.com\/index.php\/wp-json\/wp\/v2\/posts\/1686","targetHints":{"allow":["GET"]}}],"collection":[{"href":"https:\/\/www.vonfischern.com\/index.php\/wp-json\/wp\/v2\/posts"}],"about":[{"href":"https:\/\/www.vonfischern.com\/index.php\/wp-json\/wp\/v2\/types\/post"}],"author":[{"embeddable":true,"href":"https:\/\/www.vonfischern.com\/index.php\/wp-json\/wp\/v2\/users\/2"}],"replies":[{"embeddable":true,"href":"https:\/\/www.vonfischern.com\/index.php\/wp-json\/wp\/v2\/comments?post=1686"}],"version-history":[{"count":8,"href":"https:\/\/www.vonfischern.com\/index.php\/wp-json\/wp\/v2\/posts\/1686\/revisions"}],"predecessor-version":[{"id":1695,"href":"https:\/\/www.vonfischern.com\/index.php\/wp-json\/wp\/v2\/posts\/1686\/revisions\/1695"}],"wp:featuredmedia":[{"embeddable":true,"href":"https:\/\/www.vonfischern.com\/index.php\/wp-json\/wp\/v2\/media\/1689"}],"wp:attachment":[{"href":"https:\/\/www.vonfischern.com\/index.php\/wp-json\/wp\/v2\/media?parent=1686"}],"wp:term":[{"taxonomy":"category","embeddable":true,"href":"https:\/\/www.vonfischern.com\/index.php\/wp-json\/wp\/v2\/categories?post=1686"},{"taxonomy":"post_tag","embeddable":true,"href":"https:\/\/www.vonfischern.com\/index.php\/wp-json\/wp\/v2\/tags?post=1686"}],"curies":[{"name":"wp","href":"https:\/\/api.w.org\/{rel}","templated":true}]}}